{"id":6931,"global_id":"www.nifa-bayern.de?id=6931","global_id_lineage":["www.nifa-bayern.de?id=6931"],"author":"2","status":"publish","date":"2025-07-09 20:38:42","date_utc":"2025-07-09 20:38:42","modified":"2025-07-09 21:14:33","modified_utc":"2025-07-09 21:14:33","url":"https:\/\/www.nifa-bayern.de\/?tribe_events=akwaba-2025-eroeffnung-der-17-afrikatage","rest_url":"https:\/\/www.nifa-bayern.de\/index.php?rest_route=\/tribe\/events\/v1\/events\/6931","title":"AKWABA 2025 &#8211; ER\u00d6FFNUNG DER 17. AFRIKATAGE","description":"<div  class=\"tribe-events-schedule tribe-clearfix\" >\n\t<p class=\"tribe-events-schedule__datetime\">\n\t\t<span class=\"tribe-events-schedule__date tribe-events-schedule__date--start\">\n\t\t\t\t\t<\/span>\n\n\t\t\t\t\t<span class=\"tribe-events-schedule__separator tribe-events-schedule__separator--date\">\n\t\t\t\t.\t\t\t<\/span>\n\t\t\t<span class=\"tribe-events-schedule__time tribe-events-schedule__time--start\">\n\t\t\t\t\t\t\t<\/span>\n\t\t\n\t\t\t<\/p>\n<\/div>\n\n\n\n<p>Zum Auftakt der Afrikatage laden wir Sie ein, die Musik von Chudo Master zu genie\u00dfen. Die&nbsp;Gruppe kommt aus Dar es Salaam in Tansania.<\/p>\n\n\n\n<p>Chudo Master hat mit dem traditionellen Litungu-Saiteninstrument einen einzigartigen Musikstil entwickelt. Zusammen mit seiner Band hat Chudo einen neuen Musikstil geschaffen. Er nennt ihn \u201eLitungu Blues\u201c.<\/p>\n\n\n\n<p>Wie jedes Jahr berichten G\u00e4ste mit afrikanischen Wurzeln, die sich in Politik, Wirtschaft und Kultur engagieren, \u00fcber ihren Werdegang und ihre T\u00e4tigkeiten. Diskutieren Sie mit uns, ob und welche Vorbildfunktion sie damit aus\u00fcben. Rali Guemedji von Fi Bassar wird die Interviews durchf\u00fchren.<\/p>\n\n\n\n<p>In unserer aktualisierten Ausstellung zu \u201eGood News from Africa\u201c zum Thema Digitalisierung, einem neuen Quiz und unserem Afrika-Puzzle erfahren Sie mehr \u00fcber den afrikanischen Kontinent.<\/p>\n\n\n\n<p>Ein Flohmarkt mit afrikanischen Produkten l\u00e4dt Sie zum St\u00f6bern ein. Unser Setzkasten mit Upcycling-Produkten ist ebenso wie unsere \u00e4thiopischen Kaffeezeremonie wieder dabei. Und zahlreiche NIfA-Gruppen werden sich und ihre Arbeit pr\u00e4sentieren<\/p>\n\n\n<div  class=\"tribe-block tribe-block__event-price\" >\n\t\t<\/div>\n\n\n<div  class=\"tribe-block tribe-block__organizer__details tribe-clearfix\" >\n\t<div class=\"tribe-block__organizer__title\">\n\t\t<h3>NIfA e.V.<\/h3>\n\t<\/div>\n\t\t\t<p class=\"tribe-block__organizer__phone\">0911 234 \u2013 6310<\/p>\n\t\t\t\t<p class=\"tribe-block__organizer__website\"><a href=\"http:\/\/www.nifa-bayern.de\" target=\"_blank\" rel=\"noopener noreferrer\">Veranstalter-Website anzeigen<\/a><\/p>\n\t\t\t\t<p class=\"tribe-block__organizer__email\">&#105;&#110;&#102;&#111;&#064;n&#105;&#102;a&#045;b&#097;y&#101;&#114;&#110;.&#100;&#101;<\/p>\n\t<\/div>\n\n\n<div  class=\"tribe-block tribe-block__venue tribe-clearfix tribe-block__venue--has-map\" >\n\t\n\t\t\n<div class=\"tribe-block__venue__map\">\n\t\n<iframe\n  title=\"Iframe von Google Maps, der die Adresse von Caritas-Pirckheimer-Haus anzeigt\"\n  aria-label=\"Karte des Veranstaltungsorts\"\n  width=\"310px\"\n  height=\"256px\"\n  frameborder=\"0\" style=\"border:0\"\n  src=\"https:\/\/www.google.com\/maps\/embed\/v1\/place?key=AIzaSyDNsicAsP6-VuGtAb1O9riI3oc_NOb7IOU&#038;q=K%C3%B6nigstra%C3%9Fe+64+N%C3%BCrnberg+Bayern+Bayern+90402+Germany+&#038;zoom=10\" allowfullscreen>\n<\/iframe>\n<\/div>\n\n\t<\/div>\n\n\n\n\n\t<div  class=\"tribe-block tribe-block__events-link\" >\n\t\t<div class=\"tribe-events tribe-common\">\n\t\t\t<div class=\"tribe-events-c-subscribe-dropdown__container\">\n\t\t\t\t<div class=\"tribe-events-c-subscribe-dropdown\">\n\t\t\t\t\t<div class=\"tribe-common-c-btn-border tribe-events-c-subscribe-dropdown__button\">\n\t\t\t\t\t\t<svg\n\t class=\"tribe-common-c-svgicon tribe-common-c-svgicon--cal-export tribe-events-c-subscribe-dropdown__export-icon\" \taria-hidden=\"true\"\n\tviewBox=\"0 0 23 17\"\n\txmlns=\"http:\/\/www.w3.org\/2000\/svg\"\n>\n\t<path fill-rule=\"evenodd\" clip-rule=\"evenodd\" d=\"M.128.896V16.13c0 .211.145.383.323.383h15.354c.179 0 .323-.172.323-.383V.896c0-.212-.144-.383-.323-.383H.451C.273.513.128.684.128.896Zm16 6.742h-.901V4.679H1.009v10.729h14.218v-3.336h.901V7.638ZM1.01 1.614h14.218v2.058H1.009V1.614Z\" \/>\n\t<path d=\"M20.5 9.846H8.312M18.524 6.953l2.89 2.909-2.855 2.855\" stroke-width=\"1.2\" stroke-linecap=\"round\" stroke-linejoin=\"round\"\/>\n<\/svg>\n\t\t\t\t\t\t<button\n\t\t\t\t\t\t\tclass=\"tribe-events-c-subscribe-dropdown__button-text\"\n\t\t\t\t\t\t\taria-expanded=\"false\"\n\t\t\t\t\t\t\taria-controls=\"tribe-events-subscribe-dropdown-content\"\n\t\t\t\t\t\t\taria-label=\"Zeigen Sie Links an um Veranstaltungen zu Ihrem Kalender hinzuzuf\u00fcgen\"\n\t\t\t\t\t\t>\n\t\t\t\t\t\t\tZum Kalender hinzuf\u00fcgen\t\t\t\t\t\t<\/button>\n\t\t\t\t\t\t<svg\n\t class=\"tribe-common-c-svgicon tribe-common-c-svgicon--caret-down tribe-events-c-subscribe-dropdown__button-icon\" \taria-hidden=\"true\"\n\tviewBox=\"0 0 10 7\"\n\txmlns=\"http:\/\/www.w3.org\/2000\/svg\"\n>\n\t<path fill-rule=\"evenodd\" clip-rule=\"evenodd\" d=\"M1.008.609L5 4.6 8.992.61l.958.958L5 6.517.05 1.566l.958-.958z\" class=\"tribe-common-c-svgicon__svg-fill\"\/>\n<\/svg>\n\t\t\t\t\t<\/div>\n\t\t\t\t\t<div id=\"tribe-events-subscribe-dropdown-content\" class=\"tribe-events-c-subscribe-dropdown__content\">\n\t\t\t\t\t\t<ul class=\"tribe-events-c-subscribe-dropdown__list\">\n\t\t\t\t\t\t\t\t\t\t\t\t\t\t\t<li class=\"tribe-events-c-subscribe-dropdown__list-item tribe-events-c-subscribe-dropdown__list-item--gcal\">\n\t\t\t\t\t\t\t\t\t<a\n\t\t\t\t\t\t\t\t\t\thref=\"\"\n\t\t\t\t\t\t\t\t\t\tclass=\"tribe-events-c-subscribe-dropdown__list-item-link\"\n\t\t\t\t\t\t\t\t\t\ttarget=\"_blank\"\n\t\t\t\t\t\t\t\t\t\trel=\"noopener noreferrer nofollow noindex\"\n\t\t\t\t\t\t\t\t\t>\n\t\t\t\t\t\t\t\t\t\tGoogle Kalender\t\t\t\t\t\t\t\t\t<\/a>\n\t\t\t\t\t\t\t\t<\/li>\n\t\t\t\t\t\t\t\t\t\t\t\t\t\t\t<li class=\"tribe-events-c-subscribe-dropdown__list-item tribe-events-c-subscribe-dropdown__list-item--ical\">\n\t\t\t\t\t\t\t\t\t<a\n\t\t\t\t\t\t\t\t\t\thref=\"\"\n\t\t\t\t\t\t\t\t\t\tclass=\"tribe-events-c-subscribe-dropdown__list-item-link\"\n\t\t\t\t\t\t\t\t\t\ttarget=\"_blank\"\n\t\t\t\t\t\t\t\t\t\trel=\"noopener noreferrer nofollow noindex\"\n\t\t\t\t\t\t\t\t\t>\n\t\t\t\t\t\t\t\t\t\tiCalendar\t\t\t\t\t\t\t\t\t<\/a>\n\t\t\t\t\t\t\t\t<\/li>\n\t\t\t\t\t\t\t\t\t\t\t\t\t\t\t<li class=\"tribe-events-c-subscribe-dropdown__list-item tribe-events-c-subscribe-dropdown__list-item--outlook-365\">\n\t\t\t\t\t\t\t\t\t<a\n\t\t\t\t\t\t\t\t\t\thref=\"\"\n\t\t\t\t\t\t\t\t\t\tclass=\"tribe-events-c-subscribe-dropdown__list-item-link\"\n\t\t\t\t\t\t\t\t\t\ttarget=\"_blank\"\n\t\t\t\t\t\t\t\t\t\trel=\"noopener noreferrer nofollow noindex\"\n\t\t\t\t\t\t\t\t\t>\n\t\t\t\t\t\t\t\t\t\tOutlook 365\t\t\t\t\t\t\t\t\t<\/a>\n\t\t\t\t\t\t\t\t<\/li>\n\t\t\t\t\t\t\t\t\t\t\t\t\t\t\t<li class=\"tribe-events-c-subscribe-dropdown__list-item tribe-events-c-subscribe-dropdown__list-item--outlook-live\">\n\t\t\t\t\t\t\t\t\t<a\n\t\t\t\t\t\t\t\t\t\thref=\"\"\n\t\t\t\t\t\t\t\t\t\tclass=\"tribe-events-c-subscribe-dropdown__list-item-link\"\n\t\t\t\t\t\t\t\t\t\ttarget=\"_blank\"\n\t\t\t\t\t\t\t\t\t\trel=\"noopener noreferrer nofollow noindex\"\n\t\t\t\t\t\t\t\t\t>\n\t\t\t\t\t\t\t\t\t\tOutlook Live\t\t\t\t\t\t\t\t\t<\/a>\n\t\t\t\t\t\t\t\t<\/li>\n\t\t\t\t\t\t\t\t\t\t\t\t\t<\/ul>\n\t\t\t\t\t<\/div>\n\t\t\t\t<\/div>\n\t\t\t<\/div>\n\t\t<\/div>\n\t<\/div>","excerpt":"","slug":"akwaba-2025-eroeffnung-der-17-afrikatage","image":false,"all_day":false,"start_date":"2025-07-11 19:00:00","start_date_details":{"year":"2025","month":"07","day":"11","hour":"19","minutes":"00","seconds":"00"},"end_date":"2025-07-11 21:30:00","end_date_details":{"year":"2025","month":"07","day":"11","hour":"21","minutes":"30","seconds":"00"},"utc_start_date":"2025-07-11 19:00:00","utc_start_date_details":{"year":"2025","month":"07","day":"11","hour":"19","minutes":"00","seconds":"00"},"utc_end_date":"2025-07-11 21:30:00","utc_end_date_details":{"year":"2025","month":"07","day":"11","hour":"21","minutes":"30","seconds":"00"},"timezone":"UTC+0","timezone_abbr":"","cost":"Free","cost_details":{"currency_symbol":"\u20ac","currency_code":"EUR","currency_position":"prefix","values":["free"]},"website":"","show_map":false,"show_map_link":false,"hide_from_listings":false,"sticky":false,"featured":false,"categories":[],"tags":[],"venue":{"id":6937,"author":"2","status":"publish","date":"2025-07-09 20:48:24","date_utc":"0000-00-00 00:00:00","modified":"2025-07-09 20:48:24","modified_utc":"0000-00-00 00:00:00","url":"https:\/\/www.nifa-bayern.de\/?tribe_venue","venue":"Caritas-Pirckheimer-Haus","address":"K\u00f6nigstra\u00dfe 64","city":"N\u00fcrnberg","country":"Germany","province":"Bayern","state":"Bayern","zip":"90402","stateprovince":"Bayern","json_ld":{"@type":"Place","name":"Caritas-Pirckheimer-Haus","description":"","url":"","address":{"@type":"PostalAddress","streetAddress":"K\u00f6nigstra\u00dfe 64","addressLocality":"N\u00fcrnberg","addressRegion":"Bayern","postalCode":"90402","addressCountry":"Germany"},"telephone":"","sameAs":""},"show_map":true,"show_map_link":true,"global_id":"www.nifa-bayern.de?id=6937","global_id_lineage":["www.nifa-bayern.de?id=6937"]},"organizer":[{"id":6934,"author":"2","status":"publish","date":"2025-07-09 20:49:09","date_utc":"0000-00-00 00:00:00","modified":"2025-07-09 20:49:09","modified_utc":"2025-07-09 20:49:09","url":"https:\/\/www.nifa-bayern.de\/?tribe_organizer","organizer":"NIfA e.V.","phone":"0911 234 \u2013 6310","website":"http:\/\/www.nifa-bayern.de","email":"info@nifa-bayern.de","json_ld":{"@type":"Person","name":"NIfA e.V.","description":"","url":"http:\/\/www.nifa-bayern.de","telephone":"0911 234 \u2013 6310","email":"&#105;n&#102;o&#64;ni&#102;a&#45;ba&#121;&#101;&#114;&#110;&#46;&#100;&#101;","sameAs":"http:\/\/www.nifa-bayern.de"},"global_id":"www.nifa-bayern.de?id=6934","global_id_lineage":["www.nifa-bayern.de?id=6934"]}],"custom_fields":[],"json_ld":{"@context":"http:\/\/schema.org","@type":"Event","name":"AKWABA 2025 &#8211; ER\u00d6FFNUNG DER 17. AFRIKATAGE","description":"&lt;p&gt;Zum Auftakt der Afrikatage laden wir Sie ein, die Musik von Chudo Master zu genie\u00dfen. Die&nbsp;Gruppe kommt aus Dar es Salaam in Tansania. Chudo Master hat mit dem traditionellen Litungu-Saiteninstrument [&hellip;]&lt;\/p&gt;\\n","url":"https:\/\/www.nifa-bayern.de\/?tribe_events=akwaba-2025-eroeffnung-der-17-afrikatage","eventAttendanceMode":"https:\/\/schema.org\/OfflineEventAttendanceMode","eventStatus":"https:\/\/schema.org\/EventScheduled","startDate":"2025-07-11T19:00:00+00:00","endDate":"2025-07-11T21:30:00+00:00","location":{"@type":"Place","name":"Caritas-Pirckheimer-Haus","description":"","url":"","address":{"@type":"PostalAddress","streetAddress":"K\u00f6nigstra\u00dfe 64","addressLocality":"N\u00fcrnberg","addressRegion":"Bayern","postalCode":"90402","addressCountry":"Germany"},"telephone":"","sameAs":""},"organizer":{"@type":"Person","name":"NIfA e.V.","description":"","url":"http:\/\/www.nifa-bayern.de","telephone":"0911 234 \u2013 6310","email":"i&#110;f&#111;&#64;n&#105;fa-&#98;a&#121;&#101;&#114;&#110;.&#100;e","sameAs":"http:\/\/www.nifa-bayern.de"},"offers":{"@type":"Offer","price":"Free","priceCurrency":"EUR","url":"https:\/\/www.nifa-bayern.de\/?tribe_events=akwaba-2025-eroeffnung-der-17-afrikatage","category":"primary","availability":"inStock","validFrom":"2026-07-09T11:25:00+00:00"},"performer":"Organization"},"event_bgcolor":"","event_text_color":"","ticketed":false}