{"id":6105,"date":"2024-05-12T11:23:55","date_gmt":"2024-05-12T11:23:55","guid":{"rendered":"https:\/\/www.nifa-bayern.de\/?p=6105"},"modified":"2024-05-12T12:22:37","modified_gmt":"2024-05-12T12:22:37","slug":"musik-tanz-workshops-afrika-kulturfestival-an-der-theodor-heuss-bruecke","status":"publish","type":"post","link":"https:\/\/www.nifa-bayern.de\/?p=6105","title":{"rendered":"Musik, Tanz, Workshops: Afrika-Kulturfestival an der Theodor-Heuss-Br\u00fccke\u00a0"},"content":{"rendered":"\n<figure class=\"wp-block-image size-large\"><img fetchpriority=\"high\" decoding=\"async\" width=\"1024\" height=\"576\" src=\"https:\/\/www.nifa-bayern.de\/wp-content\/uploads\/2024\/05\/Afrika-1024x576.jpg\" alt=\"\" class=\"wp-image-6106\" srcset=\"https:\/\/www.nifa-bayern.de\/wp-content\/uploads\/2024\/05\/Afrika-1024x576.jpg 1024w, https:\/\/www.nifa-bayern.de\/wp-content\/uploads\/2024\/05\/Afrika-300x169.jpg 300w, https:\/\/www.nifa-bayern.de\/wp-content\/uploads\/2024\/05\/Afrika-768x432.jpg 768w, https:\/\/www.nifa-bayern.de\/wp-content\/uploads\/2024\/05\/Afrika-600x338.jpg 600w, https:\/\/www.nifa-bayern.de\/wp-content\/uploads\/2024\/05\/Afrika-560x315.jpg 560w, https:\/\/www.nifa-bayern.de\/wp-content\/uploads\/2024\/05\/Afrika.jpg 1450w\" sizes=\"(max-width: 1024px) 100vw, 1024px\" \/><\/figure>\n\n\n\n<p>&nbsp;Der Verein &#8222;Afrosommerfestival N\u00fcrnberg&#8220; l\u00e4dt ab Donnerstag, 15. Juni, zu einem &#8222;Afrika-Kultur-Festival&#8220; auf die Pegnitzwiese neben der Theodor-Heuss-Br\u00fccke. Die Veranstalter locken mit Konzerten, Filmen und &#8222;kulinarischen K\u00f6stlichkeiten&#8220;.<\/p>\n\n\n\n<p>Im Jahr 2018 fand zum neunten und bislang letzten Mal das Afrika-Fest statt. 2019 hat der damalige Veranstalter die zehnte Auflage kurzfristig abgeblasen.<\/p>\n\n\n\n<p>Nun will ein neu gegr\u00fcndeter Verein die Veranstaltung wiederbeleben: Vom 15. bis zum 18. Juni l\u00e4dt er auf der Pegnitzwiese neben der Theodor-Heuss-Br\u00fccke zu einem &#8222;Afrika-Kultur-Festival&#8220;. Robert Katianda verspricht ein interessantes Programm mit Filmen, Workshops, viel Musik und &#8222;kulinarischen K\u00f6stlichkeiten&#8220;.<a href=\"https:\/\/www.nn.de\/leben\/reisen\/marokko-ganz-authentisch-rundreise-im-ramadan-1.12116844\"><\/a><\/p>\n","protected":false},"excerpt":{"rendered":"<p>Der Verein &#8222;Afrosommerfestival N\u00fcrnberg&#8220; l\u00e4dt ab Donnerstag, 15. Juni, zu einem &#8222;Afrika-Kultur-Festival&#8220; auf die Pegnitzwiese neben der Theodor-Heuss-Br\u00fccke<\/p>\n","protected":false},"author":2,"featured_media":0,"comment_status":"open","ping_status":"open","sticky":false,"template":"","format":"standard","meta":{"ngg_post_thumbnail":0,"_price":"","_stock":"","_tribe_ticket_header":"","_tribe_default_ticket_provider":"","_tribe_ticket_capacity":"0","_ticket_start_date":"","_ticket_end_date":"","_tribe_ticket_show_description":"","_tribe_ticket_show_not_going":false,"_tribe_ticket_use_global_stock":"","_tribe_ticket_global_stock_level":"","_global_stock_mode":"","_global_stock_cap":"","_tribe_rsvp_for_event":"","_tribe_ticket_going_count":"","_tribe_ticket_not_going_count":"","_tribe_tickets_list":"[]","_tribe_ticket_has_attendee_info_fields":false,"_EventAllDay":false,"_EventTimezone":"","_EventStartDate":"","_EventEndDate":"","_EventStartDateUTC":"","_EventEndDateUTC":"","_EventShowMap":false,"_EventShowMapLink":false,"_EventURL":"","_EventCost":"","_EventCostDescription":"","_EventCurrencySymbol":"","_EventCurrencyCode":"","_EventCurrencyPosition":"","_EventDateTimeSeparator":"","_EventTimeRangeSeparator":"","_EventOrganizerID":[],"_EventVenueID":[],"_OrganizerEmail":"","_OrganizerPhone":"","_OrganizerWebsite":"","_VenueAddress":"","_VenueCity":"","_VenueCountry":"","_VenueProvince":"","_VenueState":"","_VenueZip":"","_VenuePhone":"","_VenueURL":"","_VenueStateProvince":"","_VenueLat":"","_VenueLng":"","_VenueShowMap":false,"_VenueShowMapLink":false,"footnotes":""},"categories":[134],"tags":[137,135,136],"class_list":["post-6105","post","type-post","status-publish","format-standard","hentry","category-blog","tag-afrika","tag-news","tag-nuernberg"],"yoast_head":"<!-- This site is optimized with the Yoast SEO plugin v27.4 - https:\/\/yoast.com\/product\/yoast-seo-wordpress\/ -->\n<title>Musik, Tanz, Workshops: Afrika-Kulturfestival an der Theodor-Heuss-Br\u00fccke\u00a0 - N\u00fcrnberger Initiative F\u00fcr Afrika e.V.<\/title>\n<meta name=\"robots\" content=\"index, follow, max-snippet:-1, max-image-preview:large, max-video-preview:-1\" \/>\n<link rel=\"canonical\" href=\"https:\/\/www.nifa-bayern.de\/?p=6105\" \/>\n<meta property=\"og:locale\" content=\"de_DE\" \/>\n<meta property=\"og:type\" content=\"article\" \/>\n<meta property=\"og:title\" content=\"Musik, Tanz, Workshops: Afrika-Kulturfestival an der Theodor-Heuss-Br\u00fccke\u00a0 - N\u00fcrnberger Initiative F\u00fcr Afrika e.V.\" \/>\n<meta property=\"og:description\" content=\"Der Verein &quot;Afrosommerfestival N\u00fcrnberg&quot; l\u00e4dt ab Donnerstag, 15. Juni, zu einem &quot;Afrika-Kultur-Festival&quot; auf die Pegnitzwiese neben der Theodor-Heuss-Br\u00fccke\" \/>\n<meta property=\"og:url\" content=\"https:\/\/www.nifa-bayern.de\/?p=6105\" \/>\n<meta property=\"og:site_name\" content=\"N\u00fcrnberger Initiative F\u00fcr Afrika e.V.\" \/>\n<meta property=\"article:publisher\" content=\"https:\/\/www.facebook.com\/NIfABayern\" \/>\n<meta property=\"article:published_time\" content=\"2024-05-12T11:23:55+00:00\" \/>\n<meta property=\"article:modified_time\" content=\"2024-05-12T12:22:37+00:00\" \/>\n<meta property=\"og:image\" content=\"https:\/\/www.nifa-bayern.de\/wp-content\/uploads\/2024\/05\/Afrika-1024x576.jpg\" \/>\n<meta name=\"author\" content=\"Yienbouaba Yarga\" \/>\n<meta name=\"twitter:card\" content=\"summary_large_image\" \/>\n<meta name=\"twitter:label1\" content=\"Geschrieben von\" \/>\n\t<meta name=\"twitter:data1\" content=\"Yienbouaba Yarga\" \/>\n<script type=\"application\/ld+json\" class=\"yoast-schema-graph\">{\"@context\":\"https:\\\/\\\/schema.org\",\"@graph\":[{\"@type\":\"Article\",\"@id\":\"https:\\\/\\\/www.nifa-bayern.de\\\/?p=6105#article\",\"isPartOf\":{\"@id\":\"https:\\\/\\\/www.nifa-bayern.de\\\/?p=6105\"},\"author\":{\"name\":\"Yienbouaba Yarga\",\"@id\":\"https:\\\/\\\/www.nifa-bayern.de\\\/#\\\/schema\\\/person\\\/2c5e85a9421ae81cec71ecb5819c29ca\"},\"headline\":\"Musik, Tanz, Workshops: Afrika-Kulturfestival an der Theodor-Heuss-Br\u00fccke\u00a0\",\"datePublished\":\"2024-05-12T11:23:55+00:00\",\"dateModified\":\"2024-05-12T12:22:37+00:00\",\"mainEntityOfPage\":{\"@id\":\"https:\\\/\\\/www.nifa-bayern.de\\\/?p=6105\"},\"wordCount\":102,\"commentCount\":0,\"publisher\":{\"@id\":\"https:\\\/\\\/www.nifa-bayern.de\\\/#organization\"},\"image\":{\"@id\":\"https:\\\/\\\/www.nifa-bayern.de\\\/?p=6105#primaryimage\"},\"thumbnailUrl\":\"https:\\\/\\\/www.nifa-bayern.de\\\/wp-content\\\/uploads\\\/2024\\\/05\\\/Afrika-1024x576.jpg\",\"keywords\":[\"afrika\",\"news\",\"n\u00fcrnberg\"],\"articleSection\":[\"blog\"],\"inLanguage\":\"de\",\"potentialAction\":[{\"@type\":\"CommentAction\",\"name\":\"Comment\",\"target\":[\"https:\\\/\\\/www.nifa-bayern.de\\\/?p=6105#respond\"]}]},{\"@type\":\"WebPage\",\"@id\":\"https:\\\/\\\/www.nifa-bayern.de\\\/?p=6105\",\"url\":\"https:\\\/\\\/www.nifa-bayern.de\\\/?p=6105\",\"name\":\"Musik, Tanz, Workshops: Afrika-Kulturfestival an der Theodor-Heuss-Br\u00fccke\u00a0 - N\u00fcrnberger Initiative F\u00fcr Afrika e.V.\",\"isPartOf\":{\"@id\":\"https:\\\/\\\/www.nifa-bayern.de\\\/#website\"},\"primaryImageOfPage\":{\"@id\":\"https:\\\/\\\/www.nifa-bayern.de\\\/?p=6105#primaryimage\"},\"image\":{\"@id\":\"https:\\\/\\\/www.nifa-bayern.de\\\/?p=6105#primaryimage\"},\"thumbnailUrl\":\"https:\\\/\\\/www.nifa-bayern.de\\\/wp-content\\\/uploads\\\/2024\\\/05\\\/Afrika-1024x576.jpg\",\"datePublished\":\"2024-05-12T11:23:55+00:00\",\"dateModified\":\"2024-05-12T12:22:37+00:00\",\"breadcrumb\":{\"@id\":\"https:\\\/\\\/www.nifa-bayern.de\\\/?p=6105#breadcrumb\"},\"inLanguage\":\"de\",\"potentialAction\":[{\"@type\":\"ReadAction\",\"target\":[\"https:\\\/\\\/www.nifa-bayern.de\\\/?p=6105\"]}]},{\"@type\":\"ImageObject\",\"inLanguage\":\"de\",\"@id\":\"https:\\\/\\\/www.nifa-bayern.de\\\/?p=6105#primaryimage\",\"url\":\"https:\\\/\\\/www.nifa-bayern.de\\\/wp-content\\\/uploads\\\/2024\\\/05\\\/Afrika.jpg\",\"contentUrl\":\"https:\\\/\\\/www.nifa-bayern.de\\\/wp-content\\\/uploads\\\/2024\\\/05\\\/Afrika.jpg\",\"width\":1450,\"height\":816},{\"@type\":\"BreadcrumbList\",\"@id\":\"https:\\\/\\\/www.nifa-bayern.de\\\/?p=6105#breadcrumb\",\"itemListElement\":[{\"@type\":\"ListItem\",\"position\":1,\"name\":\"Startseite\",\"item\":\"https:\\\/\\\/www.nifa-bayern.de\\\/\"},{\"@type\":\"ListItem\",\"position\":2,\"name\":\"Musik, Tanz, Workshops: Afrika-Kulturfestival an der Theodor-Heuss-Br\u00fccke\u00a0\"}]},{\"@type\":\"WebSite\",\"@id\":\"https:\\\/\\\/www.nifa-bayern.de\\\/#website\",\"url\":\"https:\\\/\\\/www.nifa-bayern.de\\\/\",\"name\":\"N\u00fcrnberger Initiative F\u00fcr Afrika\",\"description\":\"\",\"publisher\":{\"@id\":\"https:\\\/\\\/www.nifa-bayern.de\\\/#organization\"},\"potentialAction\":[{\"@type\":\"SearchAction\",\"target\":{\"@type\":\"EntryPoint\",\"urlTemplate\":\"https:\\\/\\\/www.nifa-bayern.de\\\/?s={search_term_string}\"},\"query-input\":{\"@type\":\"PropertyValueSpecification\",\"valueRequired\":true,\"valueName\":\"search_term_string\"}}],\"inLanguage\":\"de\"},{\"@type\":\"Organization\",\"@id\":\"https:\\\/\\\/www.nifa-bayern.de\\\/#organization\",\"name\":\"N\u00fcrnberger Initiative F\u00fcr Afrika\",\"url\":\"https:\\\/\\\/www.nifa-bayern.de\\\/\",\"logo\":{\"@type\":\"ImageObject\",\"inLanguage\":\"de\",\"@id\":\"https:\\\/\\\/www.nifa-bayern.de\\\/#\\\/schema\\\/logo\\\/image\\\/\",\"url\":\"https:\\\/\\\/www.nifa-bayern.de\\\/wp-content\\\/uploads\\\/2020\\\/07\\\/NIFA_Logo_small.png\",\"contentUrl\":\"https:\\\/\\\/www.nifa-bayern.de\\\/wp-content\\\/uploads\\\/2020\\\/07\\\/NIFA_Logo_small.png\",\"width\":570,\"height\":231,\"caption\":\"N\u00fcrnberger Initiative F\u00fcr Afrika\"},\"image\":{\"@id\":\"https:\\\/\\\/www.nifa-bayern.de\\\/#\\\/schema\\\/logo\\\/image\\\/\"},\"sameAs\":[\"https:\\\/\\\/www.facebook.com\\\/NIfABayern\"]},{\"@type\":\"Person\",\"@id\":\"https:\\\/\\\/www.nifa-bayern.de\\\/#\\\/schema\\\/person\\\/2c5e85a9421ae81cec71ecb5819c29ca\",\"name\":\"Yienbouaba Yarga\",\"image\":{\"@type\":\"ImageObject\",\"inLanguage\":\"de\",\"@id\":\"https:\\\/\\\/secure.gravatar.com\\\/avatar\\\/deeb79a3b60b70e80fe50f33201a8d131babb6b512f1e85aea2cf10fafba9bfd?s=96&d=mm&r=g\",\"url\":\"https:\\\/\\\/secure.gravatar.com\\\/avatar\\\/deeb79a3b60b70e80fe50f33201a8d131babb6b512f1e85aea2cf10fafba9bfd?s=96&d=mm&r=g\",\"contentUrl\":\"https:\\\/\\\/secure.gravatar.com\\\/avatar\\\/deeb79a3b60b70e80fe50f33201a8d131babb6b512f1e85aea2cf10fafba9bfd?s=96&d=mm&r=g\",\"caption\":\"Yienbouaba Yarga\"},\"url\":\"https:\\\/\\\/www.nifa-bayern.de\\\/?author=2\"}]}<\/script>\n<!-- \/ Yoast SEO plugin. -->","yoast_head_json":{"title":"Musik, Tanz, Workshops: Afrika-Kulturfestival an der Theodor-Heuss-Br\u00fccke\u00a0 - N\u00fcrnberger Initiative F\u00fcr Afrika e.V.","robots":{"index":"index","follow":"follow","max-snippet":"max-snippet:-1","max-image-preview":"max-image-preview:large","max-video-preview":"max-video-preview:-1"},"canonical":"https:\/\/www.nifa-bayern.de\/?p=6105","og_locale":"de_DE","og_type":"article","og_title":"Musik, Tanz, Workshops: Afrika-Kulturfestival an der Theodor-Heuss-Br\u00fccke\u00a0 - N\u00fcrnberger Initiative F\u00fcr Afrika e.V.","og_description":"Der Verein \"Afrosommerfestival N\u00fcrnberg\" l\u00e4dt ab Donnerstag, 15. Juni, zu einem \"Afrika-Kultur-Festival\" auf die Pegnitzwiese neben der Theodor-Heuss-Br\u00fccke","og_url":"https:\/\/www.nifa-bayern.de\/?p=6105","og_site_name":"N\u00fcrnberger Initiative F\u00fcr Afrika e.V.","article_publisher":"https:\/\/www.facebook.com\/NIfABayern","article_published_time":"2024-05-12T11:23:55+00:00","article_modified_time":"2024-05-12T12:22:37+00:00","og_image":[{"url":"https:\/\/www.nifa-bayern.de\/wp-content\/uploads\/2024\/05\/Afrika-1024x576.jpg","type":"","width":"","height":""}],"author":"Yienbouaba Yarga","twitter_card":"summary_large_image","twitter_misc":{"Geschrieben von":"Yienbouaba Yarga"},"schema":{"@context":"https:\/\/schema.org","@graph":[{"@type":"Article","@id":"https:\/\/www.nifa-bayern.de\/?p=6105#article","isPartOf":{"@id":"https:\/\/www.nifa-bayern.de\/?p=6105"},"author":{"name":"Yienbouaba Yarga","@id":"https:\/\/www.nifa-bayern.de\/#\/schema\/person\/2c5e85a9421ae81cec71ecb5819c29ca"},"headline":"Musik, Tanz, Workshops: Afrika-Kulturfestival an der Theodor-Heuss-Br\u00fccke\u00a0","datePublished":"2024-05-12T11:23:55+00:00","dateModified":"2024-05-12T12:22:37+00:00","mainEntityOfPage":{"@id":"https:\/\/www.nifa-bayern.de\/?p=6105"},"wordCount":102,"commentCount":0,"publisher":{"@id":"https:\/\/www.nifa-bayern.de\/#organization"},"image":{"@id":"https:\/\/www.nifa-bayern.de\/?p=6105#primaryimage"},"thumbnailUrl":"https:\/\/www.nifa-bayern.de\/wp-content\/uploads\/2024\/05\/Afrika-1024x576.jpg","keywords":["afrika","news","n\u00fcrnberg"],"articleSection":["blog"],"inLanguage":"de","potentialAction":[{"@type":"CommentAction","name":"Comment","target":["https:\/\/www.nifa-bayern.de\/?p=6105#respond"]}]},{"@type":"WebPage","@id":"https:\/\/www.nifa-bayern.de\/?p=6105","url":"https:\/\/www.nifa-bayern.de\/?p=6105","name":"Musik, Tanz, Workshops: Afrika-Kulturfestival an der Theodor-Heuss-Br\u00fccke\u00a0 - N\u00fcrnberger Initiative F\u00fcr Afrika e.V.","isPartOf":{"@id":"https:\/\/www.nifa-bayern.de\/#website"},"primaryImageOfPage":{"@id":"https:\/\/www.nifa-bayern.de\/?p=6105#primaryimage"},"image":{"@id":"https:\/\/www.nifa-bayern.de\/?p=6105#primaryimage"},"thumbnailUrl":"https:\/\/www.nifa-bayern.de\/wp-content\/uploads\/2024\/05\/Afrika-1024x576.jpg","datePublished":"2024-05-12T11:23:55+00:00","dateModified":"2024-05-12T12:22:37+00:00","breadcrumb":{"@id":"https:\/\/www.nifa-bayern.de\/?p=6105#breadcrumb"},"inLanguage":"de","potentialAction":[{"@type":"ReadAction","target":["https:\/\/www.nifa-bayern.de\/?p=6105"]}]},{"@type":"ImageObject","inLanguage":"de","@id":"https:\/\/www.nifa-bayern.de\/?p=6105#primaryimage","url":"https:\/\/www.nifa-bayern.de\/wp-content\/uploads\/2024\/05\/Afrika.jpg","contentUrl":"https:\/\/www.nifa-bayern.de\/wp-content\/uploads\/2024\/05\/Afrika.jpg","width":1450,"height":816},{"@type":"BreadcrumbList","@id":"https:\/\/www.nifa-bayern.de\/?p=6105#breadcrumb","itemListElement":[{"@type":"ListItem","position":1,"name":"Startseite","item":"https:\/\/www.nifa-bayern.de\/"},{"@type":"ListItem","position":2,"name":"Musik, Tanz, Workshops: Afrika-Kulturfestival an der Theodor-Heuss-Br\u00fccke\u00a0"}]},{"@type":"WebSite","@id":"https:\/\/www.nifa-bayern.de\/#website","url":"https:\/\/www.nifa-bayern.de\/","name":"N\u00fcrnberger Initiative F\u00fcr Afrika","description":"","publisher":{"@id":"https:\/\/www.nifa-bayern.de\/#organization"},"potentialAction":[{"@type":"SearchAction","target":{"@type":"EntryPoint","urlTemplate":"https:\/\/www.nifa-bayern.de\/?s={search_term_string}"},"query-input":{"@type":"PropertyValueSpecification","valueRequired":true,"valueName":"search_term_string"}}],"inLanguage":"de"},{"@type":"Organization","@id":"https:\/\/www.nifa-bayern.de\/#organization","name":"N\u00fcrnberger Initiative F\u00fcr Afrika","url":"https:\/\/www.nifa-bayern.de\/","logo":{"@type":"ImageObject","inLanguage":"de","@id":"https:\/\/www.nifa-bayern.de\/#\/schema\/logo\/image\/","url":"https:\/\/www.nifa-bayern.de\/wp-content\/uploads\/2020\/07\/NIFA_Logo_small.png","contentUrl":"https:\/\/www.nifa-bayern.de\/wp-content\/uploads\/2020\/07\/NIFA_Logo_small.png","width":570,"height":231,"caption":"N\u00fcrnberger Initiative F\u00fcr Afrika"},"image":{"@id":"https:\/\/www.nifa-bayern.de\/#\/schema\/logo\/image\/"},"sameAs":["https:\/\/www.facebook.com\/NIfABayern"]},{"@type":"Person","@id":"https:\/\/www.nifa-bayern.de\/#\/schema\/person\/2c5e85a9421ae81cec71ecb5819c29ca","name":"Yienbouaba Yarga","image":{"@type":"ImageObject","inLanguage":"de","@id":"https:\/\/secure.gravatar.com\/avatar\/deeb79a3b60b70e80fe50f33201a8d131babb6b512f1e85aea2cf10fafba9bfd?s=96&d=mm&r=g","url":"https:\/\/secure.gravatar.com\/avatar\/deeb79a3b60b70e80fe50f33201a8d131babb6b512f1e85aea2cf10fafba9bfd?s=96&d=mm&r=g","contentUrl":"https:\/\/secure.gravatar.com\/avatar\/deeb79a3b60b70e80fe50f33201a8d131babb6b512f1e85aea2cf10fafba9bfd?s=96&d=mm&r=g","caption":"Yienbouaba Yarga"},"url":"https:\/\/www.nifa-bayern.de\/?author=2"}]}},"_links":{"self":[{"href":"https:\/\/www.nifa-bayern.de\/index.php?rest_route=\/wp\/v2\/posts\/6105","targetHints":{"allow":["GET"]}}],"collection":[{"href":"https:\/\/www.nifa-bayern.de\/index.php?rest_route=\/wp\/v2\/posts"}],"about":[{"href":"https:\/\/www.nifa-bayern.de\/index.php?rest_route=\/wp\/v2\/types\/post"}],"author":[{"embeddable":true,"href":"https:\/\/www.nifa-bayern.de\/index.php?rest_route=\/wp\/v2\/users\/2"}],"replies":[{"embeddable":true,"href":"https:\/\/www.nifa-bayern.de\/index.php?rest_route=%2Fwp%2Fv2%2Fcomments&post=6105"}],"version-history":[{"count":2,"href":"https:\/\/www.nifa-bayern.de\/index.php?rest_route=\/wp\/v2\/posts\/6105\/revisions"}],"predecessor-version":[{"id":6137,"href":"https:\/\/www.nifa-bayern.de\/index.php?rest_route=\/wp\/v2\/posts\/6105\/revisions\/6137"}],"wp:attachment":[{"href":"https:\/\/www.nifa-bayern.de\/index.php?rest_route=%2Fwp%2Fv2%2Fmedia&parent=6105"}],"wp:term":[{"taxonomy":"category","embeddable":true,"href":"https:\/\/www.nifa-bayern.de\/index.php?rest_route=%2Fwp%2Fv2%2Fcategories&post=6105"},{"taxonomy":"post_tag","embeddable":true,"href":"https:\/\/www.nifa-bayern.de\/index.php?rest_route=%2Fwp%2Fv2%2Ftags&post=6105"}],"curies":[{"name":"wp","href":"https:\/\/api.w.org\/{rel}","templated":true}]}}