{"id":6328,"date":"2024-05-18T10:48:28","date_gmt":"2024-05-18T10:48:28","guid":{"rendered":"https:\/\/www.nifa-bayern.de\/?p=6328"},"modified":"2025-06-21T19:37:24","modified_gmt":"2025-06-21T19:37:24","slug":"sitzen-in-stille-und-achtsamkeit","status":"publish","type":"post","link":"https:\/\/www.nifa-bayern.de\/?p=6328","title":{"rendered":"Sitzen in Stille und Achtsamkeit"},"content":{"rendered":"\n<p>Wir \u00fcben in der Tradition der Sambokyodan-Zenlinie, die von Pater Hugo-Makabi Enomiya-Lasalle SJ (1898-1990) nach Deutschland gebracht wurde. Diese gegenstandslose Meditation sprengt die Ketten zwischen den Religionen, zwischen Ost und West, und kann auch f\u00fcr Europ\u00e4er:innen und f\u00fcr Christ:innen eine wertvolle Erfahrung sein. Die Abende bieten Personen mit Meditationserfahrung Gelegenheit, ihre \u00dcbung in der Gruppe zu vertiefen. F\u00fcr Anf\u00e4nger:innen wird eine kurze Einf\u00fchrung angeboten.<\/p>\n","protected":false},"excerpt":{"rendered":"<p>Wir \u00fcben in der Tradition der Sambokyodan-Zenlinie, die von Pater Hugo-Makabi Enomiya-Lasalle SJ (1898-1990) nach Deutschland gebracht wurde. Diese gegenstandslose Meditation sprengt die Ketten zwischen den Religionen, zwischen Ost und [&hellip;]<\/p>\n","protected":false},"author":2,"featured_media":0,"comment_status":"closed","ping_status":"closed","sticky":false,"template":"","format":"standard","meta":{"ngg_post_thumbnail":0,"_price":"","_stock":"","_tribe_ticket_header":"","_tribe_default_ticket_provider":"","_tribe_ticket_capacity":"0","_ticket_start_date":"","_ticket_end_date":"","_tribe_ticket_show_description":"","_tribe_ticket_show_not_going":false,"_tribe_ticket_use_global_stock":"","_tribe_ticket_global_stock_level":"","_global_stock_mode":"","_global_stock_cap":"","_tribe_rsvp_for_event":"","_tribe_ticket_going_count":"","_tribe_ticket_not_going_count":"","_tribe_tickets_list":"[]","_tribe_ticket_has_attendee_info_fields":false,"_EventAllDay":false,"_EventTimezone":"","_EventStartDate":"","_EventEndDate":"","_EventStartDateUTC":"","_EventEndDateUTC":"","_EventShowMap":false,"_EventShowMapLink":false,"_EventURL":"","_EventCost":"","_EventCostDescription":"","_EventCurrencySymbol":"","_EventCurrencyCode":"","_EventCurrencyPosition":"","_EventDateTimeSeparator":"","_EventTimeRangeSeparator":"","_EventOrganizerID":[],"_EventVenueID":[],"_OrganizerEmail":"","_OrganizerPhone":"","_OrganizerWebsite":"","_VenueAddress":"","_VenueCity":"","_VenueCountry":"","_VenueProvince":"","_VenueState":"","_VenueZip":"","_VenuePhone":"","_VenueURL":"","_VenueStateProvince":"","_VenueLat":"","_VenueLng":"","_VenueShowMap":false,"_VenueShowMapLink":false,"footnotes":""},"categories":[134],"tags":[],"class_list":["post-6328","post","type-post","status-publish","format-standard","hentry","category-blog"],"yoast_head":"<!-- This site is optimized with the Yoast SEO plugin v27.4 - https:\/\/yoast.com\/product\/yoast-seo-wordpress\/ -->\n<title>Sitzen in Stille und Achtsamkeit - N\u00fcrnberger Initiative F\u00fcr Afrika e.V.<\/title>\n<meta name=\"robots\" content=\"index, follow, max-snippet:-1, max-image-preview:large, max-video-preview:-1\" \/>\n<link rel=\"canonical\" href=\"https:\/\/www.nifa-bayern.de\/?p=6328\" \/>\n<meta property=\"og:locale\" content=\"de_DE\" \/>\n<meta property=\"og:type\" content=\"article\" \/>\n<meta property=\"og:title\" content=\"Sitzen in Stille und Achtsamkeit - N\u00fcrnberger Initiative F\u00fcr Afrika e.V.\" \/>\n<meta property=\"og:description\" content=\"Wir \u00fcben in der Tradition der Sambokyodan-Zenlinie, die von Pater Hugo-Makabi Enomiya-Lasalle SJ (1898-1990) nach Deutschland gebracht wurde. Diese gegenstandslose Meditation sprengt die Ketten zwischen den Religionen, zwischen Ost und [&hellip;]\" \/>\n<meta property=\"og:url\" content=\"https:\/\/www.nifa-bayern.de\/?p=6328\" \/>\n<meta property=\"og:site_name\" content=\"N\u00fcrnberger Initiative F\u00fcr Afrika e.V.\" \/>\n<meta property=\"article:publisher\" content=\"https:\/\/www.facebook.com\/NIfABayern\" \/>\n<meta property=\"article:published_time\" content=\"2024-05-18T10:48:28+00:00\" \/>\n<meta property=\"article:modified_time\" content=\"2025-06-21T19:37:24+00:00\" \/>\n<meta name=\"author\" content=\"Yienbouaba Yarga\" \/>\n<meta name=\"twitter:card\" content=\"summary_large_image\" \/>\n<meta name=\"twitter:label1\" content=\"Geschrieben von\" \/>\n\t<meta name=\"twitter:data1\" content=\"Yienbouaba Yarga\" \/>\n<script type=\"application\/ld+json\" class=\"yoast-schema-graph\">{\"@context\":\"https:\\\/\\\/schema.org\",\"@graph\":[{\"@type\":\"Article\",\"@id\":\"https:\\\/\\\/www.nifa-bayern.de\\\/?p=6328#article\",\"isPartOf\":{\"@id\":\"https:\\\/\\\/www.nifa-bayern.de\\\/?p=6328\"},\"author\":{\"name\":\"Yienbouaba Yarga\",\"@id\":\"https:\\\/\\\/www.nifa-bayern.de\\\/#\\\/schema\\\/person\\\/2c5e85a9421ae81cec71ecb5819c29ca\"},\"headline\":\"Sitzen in Stille und Achtsamkeit\",\"datePublished\":\"2024-05-18T10:48:28+00:00\",\"dateModified\":\"2025-06-21T19:37:24+00:00\",\"mainEntityOfPage\":{\"@id\":\"https:\\\/\\\/www.nifa-bayern.de\\\/?p=6328\"},\"wordCount\":78,\"publisher\":{\"@id\":\"https:\\\/\\\/www.nifa-bayern.de\\\/#organization\"},\"articleSection\":[\"blog\"],\"inLanguage\":\"de\"},{\"@type\":\"WebPage\",\"@id\":\"https:\\\/\\\/www.nifa-bayern.de\\\/?p=6328\",\"url\":\"https:\\\/\\\/www.nifa-bayern.de\\\/?p=6328\",\"name\":\"Sitzen in Stille und Achtsamkeit - N\u00fcrnberger Initiative F\u00fcr Afrika e.V.\",\"isPartOf\":{\"@id\":\"https:\\\/\\\/www.nifa-bayern.de\\\/#website\"},\"datePublished\":\"2024-05-18T10:48:28+00:00\",\"dateModified\":\"2025-06-21T19:37:24+00:00\",\"breadcrumb\":{\"@id\":\"https:\\\/\\\/www.nifa-bayern.de\\\/?p=6328#breadcrumb\"},\"inLanguage\":\"de\",\"potentialAction\":[{\"@type\":\"ReadAction\",\"target\":[\"https:\\\/\\\/www.nifa-bayern.de\\\/?p=6328\"]}]},{\"@type\":\"BreadcrumbList\",\"@id\":\"https:\\\/\\\/www.nifa-bayern.de\\\/?p=6328#breadcrumb\",\"itemListElement\":[{\"@type\":\"ListItem\",\"position\":1,\"name\":\"Startseite\",\"item\":\"https:\\\/\\\/www.nifa-bayern.de\\\/\"},{\"@type\":\"ListItem\",\"position\":2,\"name\":\"Sitzen in Stille und Achtsamkeit\"}]},{\"@type\":\"WebSite\",\"@id\":\"https:\\\/\\\/www.nifa-bayern.de\\\/#website\",\"url\":\"https:\\\/\\\/www.nifa-bayern.de\\\/\",\"name\":\"N\u00fcrnberger Initiative F\u00fcr Afrika\",\"description\":\"\",\"publisher\":{\"@id\":\"https:\\\/\\\/www.nifa-bayern.de\\\/#organization\"},\"potentialAction\":[{\"@type\":\"SearchAction\",\"target\":{\"@type\":\"EntryPoint\",\"urlTemplate\":\"https:\\\/\\\/www.nifa-bayern.de\\\/?s={search_term_string}\"},\"query-input\":{\"@type\":\"PropertyValueSpecification\",\"valueRequired\":true,\"valueName\":\"search_term_string\"}}],\"inLanguage\":\"de\"},{\"@type\":\"Organization\",\"@id\":\"https:\\\/\\\/www.nifa-bayern.de\\\/#organization\",\"name\":\"N\u00fcrnberger Initiative F\u00fcr Afrika\",\"url\":\"https:\\\/\\\/www.nifa-bayern.de\\\/\",\"logo\":{\"@type\":\"ImageObject\",\"inLanguage\":\"de\",\"@id\":\"https:\\\/\\\/www.nifa-bayern.de\\\/#\\\/schema\\\/logo\\\/image\\\/\",\"url\":\"https:\\\/\\\/www.nifa-bayern.de\\\/wp-content\\\/uploads\\\/2020\\\/07\\\/NIFA_Logo_small.png\",\"contentUrl\":\"https:\\\/\\\/www.nifa-bayern.de\\\/wp-content\\\/uploads\\\/2020\\\/07\\\/NIFA_Logo_small.png\",\"width\":570,\"height\":231,\"caption\":\"N\u00fcrnberger Initiative F\u00fcr Afrika\"},\"image\":{\"@id\":\"https:\\\/\\\/www.nifa-bayern.de\\\/#\\\/schema\\\/logo\\\/image\\\/\"},\"sameAs\":[\"https:\\\/\\\/www.facebook.com\\\/NIfABayern\"]},{\"@type\":\"Person\",\"@id\":\"https:\\\/\\\/www.nifa-bayern.de\\\/#\\\/schema\\\/person\\\/2c5e85a9421ae81cec71ecb5819c29ca\",\"name\":\"Yienbouaba Yarga\",\"image\":{\"@type\":\"ImageObject\",\"inLanguage\":\"de\",\"@id\":\"https:\\\/\\\/secure.gravatar.com\\\/avatar\\\/deeb79a3b60b70e80fe50f33201a8d131babb6b512f1e85aea2cf10fafba9bfd?s=96&d=mm&r=g\",\"url\":\"https:\\\/\\\/secure.gravatar.com\\\/avatar\\\/deeb79a3b60b70e80fe50f33201a8d131babb6b512f1e85aea2cf10fafba9bfd?s=96&d=mm&r=g\",\"contentUrl\":\"https:\\\/\\\/secure.gravatar.com\\\/avatar\\\/deeb79a3b60b70e80fe50f33201a8d131babb6b512f1e85aea2cf10fafba9bfd?s=96&d=mm&r=g\",\"caption\":\"Yienbouaba Yarga\"},\"url\":\"https:\\\/\\\/www.nifa-bayern.de\\\/?author=2\"}]}<\/script>\n<!-- \/ Yoast SEO plugin. -->","yoast_head_json":{"title":"Sitzen in Stille und Achtsamkeit - N\u00fcrnberger Initiative F\u00fcr Afrika e.V.","robots":{"index":"index","follow":"follow","max-snippet":"max-snippet:-1","max-image-preview":"max-image-preview:large","max-video-preview":"max-video-preview:-1"},"canonical":"https:\/\/www.nifa-bayern.de\/?p=6328","og_locale":"de_DE","og_type":"article","og_title":"Sitzen in Stille und Achtsamkeit - N\u00fcrnberger Initiative F\u00fcr Afrika e.V.","og_description":"Wir \u00fcben in der Tradition der Sambokyodan-Zenlinie, die von Pater Hugo-Makabi Enomiya-Lasalle SJ (1898-1990) nach Deutschland gebracht wurde. Diese gegenstandslose Meditation sprengt die Ketten zwischen den Religionen, zwischen Ost und [&hellip;]","og_url":"https:\/\/www.nifa-bayern.de\/?p=6328","og_site_name":"N\u00fcrnberger Initiative F\u00fcr Afrika e.V.","article_publisher":"https:\/\/www.facebook.com\/NIfABayern","article_published_time":"2024-05-18T10:48:28+00:00","article_modified_time":"2025-06-21T19:37:24+00:00","author":"Yienbouaba Yarga","twitter_card":"summary_large_image","twitter_misc":{"Geschrieben von":"Yienbouaba Yarga"},"schema":{"@context":"https:\/\/schema.org","@graph":[{"@type":"Article","@id":"https:\/\/www.nifa-bayern.de\/?p=6328#article","isPartOf":{"@id":"https:\/\/www.nifa-bayern.de\/?p=6328"},"author":{"name":"Yienbouaba Yarga","@id":"https:\/\/www.nifa-bayern.de\/#\/schema\/person\/2c5e85a9421ae81cec71ecb5819c29ca"},"headline":"Sitzen in Stille und Achtsamkeit","datePublished":"2024-05-18T10:48:28+00:00","dateModified":"2025-06-21T19:37:24+00:00","mainEntityOfPage":{"@id":"https:\/\/www.nifa-bayern.de\/?p=6328"},"wordCount":78,"publisher":{"@id":"https:\/\/www.nifa-bayern.de\/#organization"},"articleSection":["blog"],"inLanguage":"de"},{"@type":"WebPage","@id":"https:\/\/www.nifa-bayern.de\/?p=6328","url":"https:\/\/www.nifa-bayern.de\/?p=6328","name":"Sitzen in Stille und Achtsamkeit - N\u00fcrnberger Initiative F\u00fcr Afrika e.V.","isPartOf":{"@id":"https:\/\/www.nifa-bayern.de\/#website"},"datePublished":"2024-05-18T10:48:28+00:00","dateModified":"2025-06-21T19:37:24+00:00","breadcrumb":{"@id":"https:\/\/www.nifa-bayern.de\/?p=6328#breadcrumb"},"inLanguage":"de","potentialAction":[{"@type":"ReadAction","target":["https:\/\/www.nifa-bayern.de\/?p=6328"]}]},{"@type":"BreadcrumbList","@id":"https:\/\/www.nifa-bayern.de\/?p=6328#breadcrumb","itemListElement":[{"@type":"ListItem","position":1,"name":"Startseite","item":"https:\/\/www.nifa-bayern.de\/"},{"@type":"ListItem","position":2,"name":"Sitzen in Stille und Achtsamkeit"}]},{"@type":"WebSite","@id":"https:\/\/www.nifa-bayern.de\/#website","url":"https:\/\/www.nifa-bayern.de\/","name":"N\u00fcrnberger Initiative F\u00fcr Afrika","description":"","publisher":{"@id":"https:\/\/www.nifa-bayern.de\/#organization"},"potentialAction":[{"@type":"SearchAction","target":{"@type":"EntryPoint","urlTemplate":"https:\/\/www.nifa-bayern.de\/?s={search_term_string}"},"query-input":{"@type":"PropertyValueSpecification","valueRequired":true,"valueName":"search_term_string"}}],"inLanguage":"de"},{"@type":"Organization","@id":"https:\/\/www.nifa-bayern.de\/#organization","name":"N\u00fcrnberger Initiative F\u00fcr Afrika","url":"https:\/\/www.nifa-bayern.de\/","logo":{"@type":"ImageObject","inLanguage":"de","@id":"https:\/\/www.nifa-bayern.de\/#\/schema\/logo\/image\/","url":"https:\/\/www.nifa-bayern.de\/wp-content\/uploads\/2020\/07\/NIFA_Logo_small.png","contentUrl":"https:\/\/www.nifa-bayern.de\/wp-content\/uploads\/2020\/07\/NIFA_Logo_small.png","width":570,"height":231,"caption":"N\u00fcrnberger Initiative F\u00fcr Afrika"},"image":{"@id":"https:\/\/www.nifa-bayern.de\/#\/schema\/logo\/image\/"},"sameAs":["https:\/\/www.facebook.com\/NIfABayern"]},{"@type":"Person","@id":"https:\/\/www.nifa-bayern.de\/#\/schema\/person\/2c5e85a9421ae81cec71ecb5819c29ca","name":"Yienbouaba Yarga","image":{"@type":"ImageObject","inLanguage":"de","@id":"https:\/\/secure.gravatar.com\/avatar\/deeb79a3b60b70e80fe50f33201a8d131babb6b512f1e85aea2cf10fafba9bfd?s=96&d=mm&r=g","url":"https:\/\/secure.gravatar.com\/avatar\/deeb79a3b60b70e80fe50f33201a8d131babb6b512f1e85aea2cf10fafba9bfd?s=96&d=mm&r=g","contentUrl":"https:\/\/secure.gravatar.com\/avatar\/deeb79a3b60b70e80fe50f33201a8d131babb6b512f1e85aea2cf10fafba9bfd?s=96&d=mm&r=g","caption":"Yienbouaba Yarga"},"url":"https:\/\/www.nifa-bayern.de\/?author=2"}]}},"_links":{"self":[{"href":"https:\/\/www.nifa-bayern.de\/index.php?rest_route=\/wp\/v2\/posts\/6328","targetHints":{"allow":["GET"]}}],"collection":[{"href":"https:\/\/www.nifa-bayern.de\/index.php?rest_route=\/wp\/v2\/posts"}],"about":[{"href":"https:\/\/www.nifa-bayern.de\/index.php?rest_route=\/wp\/v2\/types\/post"}],"author":[{"embeddable":true,"href":"https:\/\/www.nifa-bayern.de\/index.php?rest_route=\/wp\/v2\/users\/2"}],"replies":[{"embeddable":true,"href":"https:\/\/www.nifa-bayern.de\/index.php?rest_route=%2Fwp%2Fv2%2Fcomments&post=6328"}],"version-history":[{"count":1,"href":"https:\/\/www.nifa-bayern.de\/index.php?rest_route=\/wp\/v2\/posts\/6328\/revisions"}],"predecessor-version":[{"id":6330,"href":"https:\/\/www.nifa-bayern.de\/index.php?rest_route=\/wp\/v2\/posts\/6328\/revisions\/6330"}],"wp:attachment":[{"href":"https:\/\/www.nifa-bayern.de\/index.php?rest_route=%2Fwp%2Fv2%2Fmedia&parent=6328"}],"wp:term":[{"taxonomy":"category","embeddable":true,"href":"https:\/\/www.nifa-bayern.de\/index.php?rest_route=%2Fwp%2Fv2%2Fcategories&post=6328"},{"taxonomy":"post_tag","embeddable":true,"href":"https:\/\/www.nifa-bayern.de\/index.php?rest_route=%2Fwp%2Fv2%2Ftags&post=6328"}],"curies":[{"name":"wp","href":"https:\/\/api.w.org\/{rel}","templated":true}]}}